{"id":21277,"date":"2023-11-11T11:37:52","date_gmt":"2023-11-11T10:37:52","guid":{"rendered":"https:\/\/mariarapelafoto.com\/?p=21277"},"modified":"2024-02-20T13:53:45","modified_gmt":"2024-02-20T12:53:45","slug":"headshots-portraits-firmenveranstaltung","status":"publish","type":"post","link":"https:\/\/mariarapelafoto.com\/de_de\/headshots-portraits-firmenveranstaltung\/","title":{"rendered":"Headshots-Portraits auf einer Firmenveranstaltung"},"content":{"rendered":"<div class=\"vce-row-container\" data-vce-boxed-width=\"true\"><div class=\"vce-row vce-row--col-gap-30 vce-row-equal-height vce-row-content--top\" id=\"el-4b761257\" data-vce-do-apply=\"all el-4b761257\"><div class=\"vce-row-content\" data-vce-element-content=\"true\"><div class=\"vce-col vce-col--md-auto vce-col--xs-1 vce-col--xs-last vce-col--xs-first vce-col--sm-last vce-col--sm-first vce-col--md-last vce-col--lg-last vce-col--xl-last vce-col--md-first vce-col--lg-first vce-col--xl-first\" id=\"el-3643eeda\"><div class=\"vce-col-inner\" data-vce-do-apply=\"border margin background  el-3643eeda\"><div class=\"vce-col-content\" data-vce-element-content=\"true\" data-vce-do-apply=\"padding el-3643eeda\"><div class=\"vce-text-block\"><div class=\"vce-text-block-wrapper vce\" id=\"el-9688dadb\" data-vce-do-apply=\"all el-9688dadb\"><h1 class=\"entry-title\"><span style=\"font-family: Montserrat;\">Headshots-Portraits auf einer Firmenveranstaltung<\/span><\/h1><\/div><\/div><div class=\"vce-single-image-container vce-single-image--align-left\"><div class=\"vce vce-single-image-wrapper\" id=\"el-6d0a46b6\" data-vce-do-apply=\"all el-6d0a46b6\"><figure><div class=\"vce-single-image-figure-inner\" style=\"width: 1024px;\"><div class=\"vce-single-image-inner vce-single-image--absolute vce-single-image--border-rounded\" style=\"width: 100%; padding-bottom: 70.6055%;\"><img decoding=\"async\" class=\"vce-single-image lazyload\"  width=\"1024\" height=\"723\" data-srcset=\"https:\/\/mariarapelafoto.com\/wp-content\/uploads\/2023\/11\/Portrait-Headshots-Berlin-event-Fotograf-Studio-vor-Ort-Eventfotografie-headshots-Maria-Rapela-Foto-4-1024x723.jpg 1024w, https:\/\/mariarapelafoto.com\/wp-content\/uploads\/2023\/11\/Portrait-Headshots-Berlin-event-Fotograf-Studio-vor-Ort-Eventfotografie-headshots-Maria-Rapela-Foto-4-320x226.jpg 320w, https:\/\/mariarapelafoto.com\/wp-content\/uploads\/2023\/11\/Portrait-Headshots-Berlin-event-Fotograf-Studio-vor-Ort-Eventfotografie-headshots-Maria-Rapela-Foto-4-480x339.jpg 480w, https:\/\/mariarapelafoto.com\/wp-content\/uploads\/2023\/11\/Portrait-Headshots-Berlin-event-Fotograf-Studio-vor-Ort-Eventfotografie-headshots-Maria-Rapela-Foto-4-800x565.jpg 800w\" data-src=\"https:\/\/mariarapelafoto.com\/wp-content\/uploads\/2023\/11\/Portrait-Headshots-Berlin-event-Fotograf-Studio-vor-Ort-Eventfotografie-headshots-Maria-Rapela-Foto-4-1024x723.jpg\" data-img-src=\"https:\/\/mariarapelafoto.com\/wp-content\/uploads\/2023\/11\/Portrait-Headshots-Berlin-event-Fotograf-Studio-vor-Ort-Eventfotografie-headshots-Maria-Rapela-Foto-4.jpg\" data-attachment-id=\"21278\"  alt=\"Portrait Berlin Events\" title=\"Portrait Headshots Berlin event Fotograf Studio vor Ort - Eventfotografie headshots - Maria Rapela Foto--4\" src=\"data:image\/svg+xml;base64,PHN2ZyB3aWR0aD0iMSIgaGVpZ2h0PSIxIiB4bWxucz0iaHR0cDovL3d3dy53My5vcmcvMjAwMC9zdmciPjwvc3ZnPg==\" style=\"--smush-placeholder-width: 1024px; --smush-placeholder-aspect-ratio: 1024\/723;\" \/><\/div><\/div><figcaption hidden=\"\"><\/figcaption><\/figure><\/div><\/div><\/div><\/div><\/div><\/div><\/div><\/div><div class=\"vce-row-container\" data-vce-boxed-width=\"true\"><div class=\"vce-row vce-row--col-gap-30 vce-row-equal-height vce-row-content--top\" id=\"el-6800644d\" data-vce-do-apply=\"all el-6800644d\"><div class=\"vce-row-content\" data-vce-element-content=\"true\"><div class=\"vce-col vce-col--md-auto vce-col--xs-1 vce-col--xs-last vce-col--xs-first vce-col--sm-last vce-col--sm-first vce-col--md-last vce-col--lg-last vce-col--xl-last vce-col--md-first vce-col--lg-first vce-col--xl-first\" id=\"el-f1e9ba5a\"><div class=\"vce-col-inner\" data-vce-do-apply=\"border margin background  el-f1e9ba5a\"><div class=\"vce-col-content\" data-vce-element-content=\"true\" data-vce-do-apply=\"padding el-f1e9ba5a\"><div class=\"vce-row-container\" data-vce-boxed-width=\"true\"><div class=\"vce-row vce-row--col-gap-30 vce-row-equal-height vce-row-content--top\" id=\"el-57018d74\" data-vce-do-apply=\"all el-57018d74\"><div class=\"vce-row-content\" data-vce-element-content=\"true\"><div class=\"vce-col vce-col--md-auto vce-col--xs-1 vce-col--xs-last vce-col--xs-first vce-col--sm-last vce-col--sm-first vce-col--md-last vce-col--lg-last vce-col--xl-last vce-col--md-first vce-col--lg-first vce-col--xl-first\" id=\"el-f30839fa\"><div class=\"vce-col-inner\" data-vce-do-apply=\"border margin background  el-f30839fa\"><div class=\"vce-col-content\" data-vce-element-content=\"true\" data-vce-do-apply=\"padding el-f30839fa\"><div class=\"vce-text-block\"><div class=\"vce-text-block-wrapper vce\" id=\"el-d48641d3\" data-vce-do-apply=\"all el-d48641d3\"><p><span style=\"font-size: 14pt; color: #808080; font-family: Montserrat;\">Neulich habe ich f\u00fcr ein Unternehmen einige Portr\u00e4ts von jungen Youtubern gemacht. Sie hatten mich beauftragt, meine Beleuchtungsausr\u00fcstung mitzubringen und die Portraits f\u00fcr die Thumbnails ihrer jeweiligen Kan\u00e4le zu verwenden. Die Thumbnails sind die Titelbilder der Videos, auf denen der Titel und vielleicht ein Bild der Sch\u00f6pfer zu sehen sind. Sie sollten ausdrucksstark sein und zum Anschauen des Videos anregen.<\/span><\/p><p><span style=\"font-family: Montserrat; font-size: 14pt;\">Die Organisatoren w\u00fcnschten sich sehr ausdrucksstarke Portraits, in denen die jungen Leute verschiedene Gef\u00fchle wie Traurigkeit, Freude, \u00dcberraschung, Angst und andere zeigen sollten. Sie gaben mir 15 Minuten pro Person und insgesamt 10 Personen.<\/span><\/p><p><span style=\"font-family: Montserrat; font-size: 14pt;\">15 Minuten pro Person sind relativ wenig, da ich eher an individuellere Sitzungen ab 45 Minuten Minuten pro Person gew\u00f6hnt bin. Denn um \u00fcberzeugende und hochwertige Portraits zu erstellen, ist es notwendig, eine besondere Atmosph\u00e4re und Vertrauen zu schaffen und dann die Sitzung in aller Ruhe durchzuf\u00fchren, bis die richtige Pose und der richtige Ausdruck gefunden sind.<\/span><\/p><p><span style=\"font-family: Montserrat; font-size: 14pt;\">F\u00fcr die fragliche Sitzung musste ich mir eine Strategie \u00fcberlegen, die es mir angesichts der kurzen Zeit, die ich f\u00fcr jeden Teilnehmer hatte, leichter machen w\u00fcrde. Also bereitete ich einige Plakate mit dem Wort und der Emotion, die es repr\u00e4sentiert, vor. Ich fertigte auch einige Zeichnungen im Stil von Emoticons mit den verschiedenen Emotionen an, um den jungen Leuten nicht nur schriftlich, sondern auch visuell zu helfen. Ich unterst\u00fctzte sie auch mit meiner Stimme, indem ich sie anleitete und auch Situationen nachstellte, in denen sie ihre Gef\u00fchle vertiefen konnten.<\/span><\/p><p><span style=\"font-family: Montserrat; font-size: 14pt;\">Der Prozess hat viel Spa\u00df gemacht, und ich denke, dass es auch f\u00fcr die Teilnehmer eine lustige Erfahrung war, die viele von ihnen noch nie gemacht hatten. Einige waren sch\u00fcchterner, andere ausdrucksst\u00e4rker, die Wahrheit ist, dass alle eine Erfahrung und einige Bilder von sich selbst mitgenommen haben, die ihnen helfen werden, ihren Kanal, ihre Pr\u00e4senz und ihre Inhalte zu verbessern.<\/span><\/p><p><span style=\"font-family: Montserrat; font-size: 14pt;\">Wenn Sie daran interessiert sind, Portr\u00e4ts f\u00fcr jede Art von Veranstaltung in Berlin zu machen, kontaktieren Sie mich, teilen Sie mir Ihre Ideen mit und ich werde Ihnen ein unverbindliches Angebot schicken.<\/span><\/p><\/div><\/div><\/div><\/div><\/div><\/div><\/div><\/div><\/div><\/div><\/div><\/div><\/div><\/div>\n","protected":false},"excerpt":{"rendered":"<p>Headshots-Portraits auf einer FirmenveranstaltungNeulich habe ich f\u00fcr ein Unternehmen einige Portr\u00e4ts von jungen Youtubern gemacht. Sie hatten mich beauftragt, meine Beleuchtungsausr\u00fcstung mitzubringen und die Portraits f\u00fcr die Thumbnails ihrer jeweiligen Kan\u00e4le zu verwenden. Die Thumbnails sind die Titelbilder der Videos, auf denen der Titel und vielleicht ein Bild der Sch\u00f6pfer zu sehen sind. Sie sollten [&hellip;]<\/p>\n","protected":false},"author":1,"featured_media":21278,"comment_status":"open","ping_status":"open","sticky":false,"template":"","format":"standard","meta":{"_acf_changed":false,"footnotes":""},"categories":[512],"tags":[544,531,543],"class_list":["post-21277","post","type-post","status-publish","format-standard","has-post-thumbnail","hentry","category-blog-maria-rapela-foto","tag-berlin-eventfotograf","tag-eventfotografie","tag-headshots-berlin"],"acf":[],"_links":{"self":[{"href":"https:\/\/mariarapelafoto.com\/de_de\/wp-json\/wp\/v2\/posts\/21277","targetHints":{"allow":["GET"]}}],"collection":[{"href":"https:\/\/mariarapelafoto.com\/de_de\/wp-json\/wp\/v2\/posts"}],"about":[{"href":"https:\/\/mariarapelafoto.com\/de_de\/wp-json\/wp\/v2\/types\/post"}],"author":[{"embeddable":true,"href":"https:\/\/mariarapelafoto.com\/de_de\/wp-json\/wp\/v2\/users\/1"}],"replies":[{"embeddable":true,"href":"https:\/\/mariarapelafoto.com\/de_de\/wp-json\/wp\/v2\/comments?post=21277"}],"version-history":[{"count":0,"href":"https:\/\/mariarapelafoto.com\/de_de\/wp-json\/wp\/v2\/posts\/21277\/revisions"}],"wp:featuredmedia":[{"embeddable":true,"href":"https:\/\/mariarapelafoto.com\/de_de\/wp-json\/wp\/v2\/media\/21278"}],"wp:attachment":[{"href":"https:\/\/mariarapelafoto.com\/de_de\/wp-json\/wp\/v2\/media?parent=21277"}],"wp:term":[{"taxonomy":"category","embeddable":true,"href":"https:\/\/mariarapelafoto.com\/de_de\/wp-json\/wp\/v2\/categories?post=21277"},{"taxonomy":"post_tag","embeddable":true,"href":"https:\/\/mariarapelafoto.com\/de_de\/wp-json\/wp\/v2\/tags?post=21277"}],"curies":[{"name":"wp","href":"https:\/\/api.w.org\/{rel}","templated":true}]}}